{"id":131,"date":"2007-04-15T11:50:45","date_gmt":"2007-04-15T09:50:45","guid":{"rendered":"http:\/\/ru3.com\/luc\/tag\/people\/bruno-fajnzilberg-milite-pour-le-droit-individuel-a-la-formation-dif.html"},"modified":"2007-04-19T18:28:03","modified_gmt":"2007-04-19T16:28:03","slug":"bruno-fajnzilberg-milite-pour-le-droit-individuel-a-la-formation-dif","status":"publish","type":"post","link":"https:\/\/ru3.com\/luc\/tag\/people\/bruno-fajnzilberg-milite-pour-le-droit-individuel-a-la-formation-dif.html","title":{"rendered":"Bruno Fajnzilberg milite pour le droit individuel \u00e0 la formation (DIF)"},"content":{"rendered":"<p><center><script type=\"text\/javascript\" src=\"http:\/\/blip.tv\/scripts\/pokkariPlayer.js\"><\/script><script type=\"text\/javascript\" src=\"http:\/\/blip.tv\/syndication\/write_player?skin=js&#038;posts_id=203987&#038;source=3&#038;autoplay=true&#038;file_type=flv&#038;player_width=480&#038;player_height=360\"><\/script><\/p>\n<div id=\"blip_movie_content_203987\"><a class=\"snap_nopreview\" href=\"http:\/\/blip.tv\/file\/get\/Luc-BrunoFajnzilbergMilitePourLeDroitIndividuelLaFormation341.mov\" onclick=\"play_blip_movie_203987(); return false;\"><img decoding=\"async\" src=\"http:\/\/ru3.com\/luc\/JPG\/savoirs-pour-tous.jpg\" border=\"0\" title=\"Lire la vid\u00e9o\" \/><\/a><br \/><a class=\"snap_nopreview\" href=\"http:\/\/blip.tv\/file\/get\/Luc-BrunoFajnzilbergMilitePourLeDroitIndividuelLaFormation341.mov\" onclick=\"play_blip_movie_203987(); return false;\">Lire la vid\u00e9o<\/a> (dur\u00e9e : 4 min.) <a class=\"snap_nopreview\" href=\"http:\/\/blip.tv\/file\/get\/Luc-BrunoFajnzilbergMilitePourLeDroitIndividuelLaFormation341.mov\">Version QT<\/a><\/div>\n<p><\/center><\/p>\n<p><strong>Bruno Fajnzilberg, fondateur de Savoirs pour tous, est descendu dans la rue (enfin, sur l&rsquo;esplanade de La D\u00e9fense), pour offrir des ch\u00e8ques formation d&rsquo;une valeur de 350 euros. <\/strong><\/p>\n<p>La vocation de sa jeune entreprise est de rendre la formation accessible au plus grand nombre. L&rsquo;acc\u00e8s \u00e0 la formation, selon Bruno Fajnzilberg, \u00e9tant trop souvent un parcours du combattant. Savoirs pour tous promet \u00e9galement aux individus qui souhaitent se former, de trouver, lorsque c&rsquo;est possible, le financement de leur formation.<\/p>\n<p>C&rsquo;est notamment l&rsquo;objet du DIF, le droit individuel \u00e0 la formation, qui permet \u00e0 tout salari\u00e9 de se former, \u00e0 raison de 20 heures par an. Ce droit, dont les heures non consomm\u00e9es sont cumulables depuis 2004, permet aujourd&rsquo;hui \u00e0 un salari\u00e9 de faire valoir 60 heures de formation, financ\u00e9es par l&rsquo;entreprise. Un droit que trop peu utilisent, puisque seulement 25% des b\u00e9n\u00e9ficiaires du DIF utilisent chaque ann\u00e9e ce droit. <\/p>\n<p>Alors, si vous faites parti des 75% qui n&rsquo;ont pas utilis\u00e9 leur droit individuel \u00e0 la formation, qu&rsquo;attendez-vous ?<\/p>\n<p><strong>Pour en savoir plus : <\/strong><\/p>\n<ul>\n<li><a href=\"http:\/\/www.savoirspourtous.com\/\">Savoirs pour tous<\/a><\/li>\n<li><a href=\"http:\/\/www.droit-individuel-formation.fr\/\">Droit individuel \u00e0 la formation<\/a><\/li>\n<\/ul>\n","protected":false},"excerpt":{"rendered":"<p>Lire la vid\u00e9o (dur\u00e9e : 4 min.) Version QT Bruno Fajnzilberg, fondateur de Savoirs pour tous, est descendu dans la rue (enfin, sur l&rsquo;esplanade de La D\u00e9fense), pour offrir des ch\u00e8ques formation d&rsquo;une valeur de 350 euros. La vocation de sa jeune entreprise est de rendre la formation accessible au plus grand nombre. L&rsquo;acc\u00e8s \u00e0 &hellip; <\/p>\n<p class=\"link-more\"><a href=\"https:\/\/ru3.com\/luc\/tag\/people\/bruno-fajnzilberg-milite-pour-le-droit-individuel-a-la-formation-dif.html\" class=\"more-link\">Continuer la lecture <span class=\"screen-reader-text\"> \u00ab\u00a0Bruno Fajnzilberg milite pour le droit individuel \u00e0 la formation (DIF)\u00a0\u00bb<\/span><\/a><\/p>\n","protected":false},"author":7,"featured_media":0,"comment_status":"open","ping_status":"open","sticky":false,"template":"","format":"standard","meta":{"_jetpack_memberships_contains_paid_content":false,"footnotes":""},"categories":[29,30,79,19,11],"tags":[],"class_list":["post-131","post","type-post","status-publish","format-standard","hentry","category-connaissance","category-entreprise","category-formation","category-evenement","category-people","entry"],"jetpack_featured_media_url":"","jetpack_sharing_enabled":true,"_links":{"self":[{"href":"https:\/\/ru3.com\/luc\/wp-json\/wp\/v2\/posts\/131","targetHints":{"allow":["GET"]}}],"collection":[{"href":"https:\/\/ru3.com\/luc\/wp-json\/wp\/v2\/posts"}],"about":[{"href":"https:\/\/ru3.com\/luc\/wp-json\/wp\/v2\/types\/post"}],"author":[{"embeddable":true,"href":"https:\/\/ru3.com\/luc\/wp-json\/wp\/v2\/users\/7"}],"replies":[{"embeddable":true,"href":"https:\/\/ru3.com\/luc\/wp-json\/wp\/v2\/comments?post=131"}],"version-history":[{"count":0,"href":"https:\/\/ru3.com\/luc\/wp-json\/wp\/v2\/posts\/131\/revisions"}],"wp:attachment":[{"href":"https:\/\/ru3.com\/luc\/wp-json\/wp\/v2\/media?parent=131"}],"wp:term":[{"taxonomy":"category","embeddable":true,"href":"https:\/\/ru3.com\/luc\/wp-json\/wp\/v2\/categories?post=131"},{"taxonomy":"post_tag","embeddable":true,"href":"https:\/\/ru3.com\/luc\/wp-json\/wp\/v2\/tags?post=131"}],"curies":[{"name":"wp","href":"https:\/\/api.w.org\/{rel}","templated":true}]}}