{"id":164,"date":"2007-06-28T22:13:09","date_gmt":"2007-06-28T20:13:09","guid":{"rendered":"http:\/\/ru3.com\/luc\/tag\/medias\/convergence-cross-media-universite-ifra.html"},"modified":"2007-10-04T10:58:59","modified_gmt":"2007-10-04T08:58:59","slug":"convergence-cross-media-universite-ifra","status":"publish","type":"post","link":"https:\/\/ru3.com\/luc\/tag\/medias\/convergence-cross-media-universite-ifra.html","title":{"rendered":"La convergence dans les m\u00e9dias, th\u00e8me de l\u0092Universit\u00e9 d\u0092\u00e9t\u00e9 de l\u0092Ifra"},"content":{"rendered":"<p><img decoding=\"async\" id=\"image165\" src=\"http:\/\/ru3.com\/luc\/\/wp-content\/upload\/convergence-crossmedia.jpg\" alt=\"Convergence cross-media\" \/><\/p>\n<p><strong>Du 2 au 5 juillet 2007, j\u0092animerai un atelier dans le cadre de l&rsquo;Universit\u00e9 d\u0092\u00e9t\u00e9 de l\u0092Ifra, qui se tient \u00e0 Saint-Paul-de-Vence, et dont l\u0092objectif est de mettre en pratique la convergence dans les m\u00e9dias.<\/strong><\/p>\n<p>La <strong>convergence<\/strong> dans les m\u00e9dias est un <em>(gros)<\/em> mot, dont le sens est tr\u00e8s ambigu\u00eb en fran\u00e7ais. Il ne s&rsquo;agit pas ici de concentration des m\u00e9dias, mais d&rsquo;une technique appell\u00e9e \u00e9galement convergence <strong>\u00ab\u00a0cross-m\u00e9dia\u00a0\u00bb<\/strong> (un anglicisme tr\u00e8s bien d\u00e9fini sur <a href=\"http:\/\/fr.wikipedia.org\/wiki\/Cross-m%C3%A9dia\">Wikip\u00e9dia : Cross-m\u00e9dia<\/a>).<br \/>\n<!--more--><br \/>\nIl s&rsquo;agit en r\u00e9alit\u00e9, pour les r\u00e9dactions des m\u00e9dias dits \u00ab\u00a0traditionnels\u00a0\u00bb, de <strong>r\u00e9organiser totalement leurs modes du traitement de l&rsquo;information<\/strong>. Le principe consiste \u00e0 faire converger tous les flux d&rsquo;information vers une \u00ab\u00a0tour de contr\u00f4le\u00a0\u00bb, plac\u00e9e au centre de la r\u00e9daction, independamment du m\u00e9dia de diffusion final (journal, radio, web, t\u00e9l\u00e9vision, t\u00e9l\u00e9phonie\u0085). La r\u00e9daction devient ainsi un centre de traitement et d&rsquo;aiguillage des flux d&rsquo;information, et non plus une <strong>cha\u00eene \u00e9ditoriale<\/strong> lin\u00e9aire, orient\u00e9e en direction d&rsquo;une heure \u00ab\u00a0H\u00a0\u00bb de bouclage d&rsquo;un produit (le journal ou l&rsquo;\u00e9mission).<\/p>\n<p>Aujourd\u0092hui la question, pour les m\u00e9dias, n\u0092est plus de savoir s\u0092il faut s\u0092engager dans la convergence mais plut\u00f4t de savoir <strong>comment le faire<\/strong>. Et il devient imp\u00e9ratif pour ces entreprises de presse, de savoir maintenant utiliser les nouveaux canaux de diffusion qui sont \u00e0 leur disposition : web, blogs, vid\u00e9o, podcasting\u0085<\/p>\n<p>Dans l&rsquo;atelier que j&rsquo;anime, je tenterai de montrer <strong>comment les r\u00e9dactions modernes doivent int\u00e9grer ces nouveaux usages<\/strong> qui ont \u00e9merg\u00e9s avec la g\u00e9n\u00e9ralisation des wikis et des blogs.<\/p>\n<p><strong>Publier un article sur un blog, c&rsquo;est maintenant \u00e0 la port\u00e9e de tous.<\/strong> Mais apr\u00e8s ? Savez-vous utiliser les groupes sur <a href=\"http:\/\/www.facebook.com\/\">Facebook<\/a> ? Publier une vid\u00e9o en direct depuis <a href=\"http:\/\/www.ustream.tv\/\">Ustream<\/a> ? Alimenter une page avec des tags issus de <a href=\"http:\/\/del.icio.us\/\">Del.ico.us<\/a> ? Alerter vos lecteurs par SMS via <a href=\"http:\/\/twitter.com\/\">Twitter<\/a> ? Cr\u00e9er un diaporama sur un \u00e9v\u00e9nement pr\u00e9cis et auto-aliment\u00e9 par les photos issues de centaines de sources diff\u00e9rentes avec <a href=\"http:\/\/flickr.com\/\">Flickr<\/a> ?<\/p>\n<p>Si vous n&rsquo;avez pas encore la r\u00e9ponse, il est encore temps de venir jouer les grands \u00e9tudiants en vous <a href=\"http:\/\/www.ifra.com\/website\/IFRAEvent.nsf\/wuis\/7C7AEA03EE368DFFC1257212002B9601?OpenDocument&#038;CS&#038;F&#038;\">inscrivant \u00e0 l&rsquo;Universit\u00e9 d&rsquo;\u00e9t\u00e9 de l&rsquo;Ifra<\/a> qui se tiendra la semaine prochaine. Le prix est \u00e9lev\u00e9, mais l&rsquo;acc\u00e8s illimit\u00e9 \u00e0 la piscine est inclus.<\/p>\n<p><em>Article en relation :<\/em> <\/p>\n<ul>\n<li><a href=\"http:\/\/ru3.com\/luc\/tag\/medias\/claude-droussent-journal-l-equipe-convergence-des-medias.html\">Claude Droussent : avec la convergence, la presse peut rattraper son retard sur internet<\/a>.<\/li>\n<\/ul>\n<p><em><br \/>\nEn savoir plus : <\/em><\/p>\n<ul>\n<li><a href=\"http:\/\/www.ifra.com\/\">L&rsquo;ifra, organisme international de recherche et de formation des m\u00e9dias<\/a><\/li>\n<li>Le <a href=\"http:\/\/campus-ifra.blogspot.com\">vid\u00e9o blog de l&rsquo;Universit\u00e9 d&rsquo;\u00e9t\u00e9<\/a> de l&rsquo;Ifra<\/li>\n<li><a href=\"http:\/\/de.sitestat.com\/ifra\/ifra\/s?IFRAEvent.nsf.download.ProgA4_French.pdf&#038;ns_type=clickout&#038;ns_url=http:\/\/www.ifra.com\/website\/IFRAEvent.nsf\/All\/7C7AEA03EE368DFFC1257212002B9601\/$FILE\/ProgA4_French.pdf\">T\u00e9l\u00e9charger le programme<\/a> (PDF 1.7 Mo)<\/li>\n<\/ul>\n","protected":false},"excerpt":{"rendered":"<p>Du 2 au 5 juillet 2007, j\u0092animerai un atelier dans le cadre de l&rsquo;Universit\u00e9 d\u0092\u00e9t\u00e9 de l\u0092Ifra, qui se tient \u00e0 Saint-Paul-de-Vence, et dont l\u0092objectif est de mettre en pratique la convergence dans les m\u00e9dias. La convergence dans les m\u00e9dias est un (gros) mot, dont le sens est tr\u00e8s ambigu\u00eb en fran\u00e7ais. Il ne s&rsquo;agit &hellip; <\/p>\n<p class=\"link-more\"><a href=\"https:\/\/ru3.com\/luc\/tag\/medias\/convergence-cross-media-universite-ifra.html\" class=\"more-link\">Continuer la lecture <span class=\"screen-reader-text\"> \u00ab\u00a0La convergence dans les m\u00e9dias, th\u00e8me de l\u0092Universit\u00e9 d\u0092\u00e9t\u00e9 de l\u0092Ifra\u00a0\u00bb<\/span><\/a><\/p>\n","protected":false},"author":7,"featured_media":0,"comment_status":"open","ping_status":"open","sticky":false,"template":"","format":"standard","meta":{"_jetpack_memberships_contains_paid_content":false,"footnotes":""},"categories":[8,26,42,58,62,85,16],"tags":[],"class_list":["post-164","post","type-post","status-publish","format-standard","hentry","category-medias","category-blogs","category-workshop","category-communautes","category-ifra","category-convergence","category-presse","entry"],"jetpack_featured_media_url":"","jetpack_sharing_enabled":true,"_links":{"self":[{"href":"https:\/\/ru3.com\/luc\/wp-json\/wp\/v2\/posts\/164","targetHints":{"allow":["GET"]}}],"collection":[{"href":"https:\/\/ru3.com\/luc\/wp-json\/wp\/v2\/posts"}],"about":[{"href":"https:\/\/ru3.com\/luc\/wp-json\/wp\/v2\/types\/post"}],"author":[{"embeddable":true,"href":"https:\/\/ru3.com\/luc\/wp-json\/wp\/v2\/users\/7"}],"replies":[{"embeddable":true,"href":"https:\/\/ru3.com\/luc\/wp-json\/wp\/v2\/comments?post=164"}],"version-history":[{"count":0,"href":"https:\/\/ru3.com\/luc\/wp-json\/wp\/v2\/posts\/164\/revisions"}],"wp:attachment":[{"href":"https:\/\/ru3.com\/luc\/wp-json\/wp\/v2\/media?parent=164"}],"wp:term":[{"taxonomy":"category","embeddable":true,"href":"https:\/\/ru3.com\/luc\/wp-json\/wp\/v2\/categories?post=164"},{"taxonomy":"post_tag","embeddable":true,"href":"https:\/\/ru3.com\/luc\/wp-json\/wp\/v2\/tags?post=164"}],"curies":[{"name":"wp","href":"https:\/\/api.w.org\/{rel}","templated":true}]}}