{"id":21,"date":"2006-06-13T08:38:49","date_gmt":"2006-06-13T06:38:49","guid":{"rendered":"http:\/\/ru3.com\/luc\/?p=21"},"modified":"2006-06-13T08:38:49","modified_gmt":"2006-06-13T06:38:49","slug":"les-nouveaux-outils-de-lintelligence-collective-par-fred-cavazza","status":"publish","type":"post","link":"https:\/\/ru3.com\/luc\/tag\/collective-intelligence\/les-nouveaux-outils-de-lintelligence-collective-par-fred-cavazza.html","title":{"rendered":"Les nouveaux outils de l&rsquo;intelligence collective par Fred Cavazza"},"content":{"rendered":"<p><object width=\"320\" height=\"256\"><param name=\"movie\" value=\"http:\/\/www.dailymotion.com\/swf\/4WBhJE8cQLJ2L13fc\"><\/param><\/object><\/p>\n<p><span style=\"font-weight: bold;\">Fr\u00e9d\u00e9ric Cavazza<\/span> est intervenu au cours de la quatri\u00e8me universit\u00e9 de printemps de la Fing, pour pr\u00e9senter <span style=\"font-weight: bold;\">\u00ab\u00a0Les outils de l&rsquo;EntreNet\u00a0\u00bb<\/span> (<a href=\"http:\/\/www.fredcavazza.net\/doc\/UpFing06_EntreNet_Web2.pdf\">PDF &#8211; 1,8 Mo<\/a>).<br \/>\nCes nouveaux outils, issus notamment du Web 2.0, nous permettent, selon Fr\u00e9d\u00e9ric Cavazza de tirer parti de l&rsquo;intelligence collective.<br \/>\nUn court extrait de son intervention, dont on retrouvera l&rsquo;int\u00e9gralit\u00e9 sur le site de <a href=\"http:\/\/www.webcastor.fr\/fing\/up2006\/tv2006.html\">WebCastor<\/a> qui a r\u00e9alis\u00e9 la couverture vid\u00e9o.<br \/>\nUne pr\u00e9sentation tr\u00e8s remarqu\u00e9e par la plupart des participants pour sa tr\u00e8s grande p\u00e9dagogie.<\/p>\n<p>Plus d&rsquo;infos sur le site de <a href=\"http:\/\/www.fredcavazza.net\/\">Fr\u00e9d\u00e9ric Cavazza<\/a>.<\/p>\n","protected":false},"excerpt":{"rendered":"<p>Fr\u00e9d\u00e9ric Cavazza est intervenu au cours de la quatri\u00e8me universit\u00e9 de printemps de la Fing, pour pr\u00e9senter \u00ab\u00a0Les outils de l&rsquo;EntreNet\u00a0\u00bb (PDF &#8211; 1,8 Mo). Ces nouveaux outils, issus notamment du Web 2.0, nous permettent, selon Fr\u00e9d\u00e9ric Cavazza de tirer parti de l&rsquo;intelligence collective. Un court extrait de son intervention, dont on retrouvera l&rsquo;int\u00e9gralit\u00e9 sur &hellip; <\/p>\n<p class=\"link-more\"><a href=\"https:\/\/ru3.com\/luc\/tag\/collective-intelligence\/les-nouveaux-outils-de-lintelligence-collective-par-fred-cavazza.html\" class=\"more-link\">Continuer la lecture <span class=\"screen-reader-text\"> \u00ab\u00a0Les nouveaux outils de l&rsquo;intelligence collective par Fred Cavazza\u00a0\u00bb<\/span><\/a><\/p>\n","protected":false},"author":7,"featured_media":0,"comment_status":"open","ping_status":"open","sticky":false,"template":"","format":"standard","meta":{"_jetpack_memberships_contains_paid_content":false,"footnotes":""},"categories":[7,10,6,19,1,11,22],"tags":[],"class_list":["post-21","post","type-post","status-publish","format-standard","hentry","category-web-20-web2","category-meeting","category-collaboration","category-evenement","category-collective-intelligence","category-people","category-prospective","entry"],"jetpack_featured_media_url":"","jetpack_sharing_enabled":true,"_links":{"self":[{"href":"https:\/\/ru3.com\/luc\/wp-json\/wp\/v2\/posts\/21","targetHints":{"allow":["GET"]}}],"collection":[{"href":"https:\/\/ru3.com\/luc\/wp-json\/wp\/v2\/posts"}],"about":[{"href":"https:\/\/ru3.com\/luc\/wp-json\/wp\/v2\/types\/post"}],"author":[{"embeddable":true,"href":"https:\/\/ru3.com\/luc\/wp-json\/wp\/v2\/users\/7"}],"replies":[{"embeddable":true,"href":"https:\/\/ru3.com\/luc\/wp-json\/wp\/v2\/comments?post=21"}],"version-history":[{"count":0,"href":"https:\/\/ru3.com\/luc\/wp-json\/wp\/v2\/posts\/21\/revisions"}],"wp:attachment":[{"href":"https:\/\/ru3.com\/luc\/wp-json\/wp\/v2\/media?parent=21"}],"wp:term":[{"taxonomy":"category","embeddable":true,"href":"https:\/\/ru3.com\/luc\/wp-json\/wp\/v2\/categories?post=21"},{"taxonomy":"post_tag","embeddable":true,"href":"https:\/\/ru3.com\/luc\/wp-json\/wp\/v2\/tags?post=21"}],"curies":[{"name":"wp","href":"https:\/\/api.w.org\/{rel}","templated":true}]}}