{"id":28,"date":"2006-06-21T08:57:05","date_gmt":"2006-06-21T06:57:05","guid":{"rendered":"http:\/\/ru3.com\/luc\/?p=28"},"modified":"2006-10-14T09:02:27","modified_gmt":"2006-10-14T07:02:27","slug":"strategie-web-20-conference-sur-les-applications-professionnelles-20","status":"publish","type":"post","link":"https:\/\/ru3.com\/luc\/tag\/web-20-web2\/strategie-web-20-conference-sur-les-applications-professionnelles-20.html","title":{"rendered":"Strat\u00e9gie Web 2.0, conf\u00e9rence sur les applications professionnelles 2.0"},"content":{"rendered":"<p><span style=\"font-weight: bold;\">Demain jeudi 22 juin au CNIT, Paris-La D\u00e9fense, aura lieu la journ\u00e9e Strat\u00e9gie Web 2.0 organis\u00e9e par Philippe NIEUWBOURG, animateur de la communaut\u00e9 <a href=\"http:\/\/www.strategieweb20.com\/\">Strategie Web 2.0<\/a>.<\/span><\/p>\n<p>A moins que vous ne soyez rest\u00e9 coup\u00e9 d&rsquo;Internet depuis des mois, vous n&rsquo;avez pas pu manquer cette tendance arriv\u00e9e des Etats-Unis, appel\u00e9e \u00ab Web 2.0 \u00bb.<br \/>\nEt m\u00eame si cette appellation est, \u00e0 l&rsquo;origine, tr\u00e8s connot\u00e9e marketing, le Web 2.0 commence \u00e0 faire son chemin dans le monde professionnel.<\/p>\n<p>On retrouvera demain \u00e0 cette occasion :<\/p>\n<p><a style=\"font-weight: bold;\" href=\"http:\/\/www.google.fr\/search?q=%22Christophe+Ginisty%22&#038;start=0&amp;amp;amp;ie=utf-8&#038;oe=utf-8&amp;client=firefox-a&#038;rls=org.mozilla:fr:official\">Christophe Ginisty<\/a>, Directeur G\u00e9n\u00e9ral de PointBlog<br \/>\n<a style=\"font-weight: bold;\" href=\"http:\/\/www.google.fr\/search?q=%22Quentin+Sannie%22&#038;start=0&amp;amp;amp;ie=utf-8&#038;oe=utf-8&amp;client=firefox-a&#038;rls=org.mozilla:fr:official\">Quentin Sannie<\/a>, pr\u00e9sident-fondateur de Mandragore<br \/>\n<a style=\"font-weight: bold;\" href=\"http:\/\/www.google.fr\/search?q=%22Carlos+Diaz%22+bluekiwi&#038;start=0&amp;amp;amp;ie=utf-8&#038;oe=utf-8&amp;client=firefox-a&#038;rls=org.mozilla:fr:official\">Carlos Diaz<\/a>, directeur g\u00e9n\u00e9ral de blueKiwi<br \/>\n<a style=\"font-weight: bold;\" href=\"http:\/\/www.google.fr\/search?q=%22S%C3%A9bastien+Simoni%22+&#038;start=0&amp;amp;amp;ie=utf-8&#038;oe=utf-8&amp;client=firefox-a&#038;rls=org.mozilla:fr:official\">S\u00e9bastien Simoni<\/a>, directeur g\u00e9n\u00e9ral de WebzineMaker<br \/>\n<a style=\"font-weight: bold;\" href=\"http:\/\/www.google.fr\/search?q=%22Franck+Dumesnil%22+&#038;start=0&amp;amp;amp;ie=utf-8&#038;oe=utf-8&amp;client=firefox-a&#038;rls=org.mozilla:fr:official\">Franck Dumesnil<\/a>, auteur du livre \u00ab\u00a0les podcasts\u00a0\u00bb<br \/>\n<a style=\"font-weight: bold;\" href=\"http:\/\/www.google.fr\/search?q=%22Luc+Mornat%22+ITSphere&#038;start=0&amp;amp;amp;ie=utf-8&#038;oe=utf-8&amp;client=firefox-a&#038;rls=org.mozilla:fr:official\">Luc Mornat<\/a>, g\u00e9rant de ITSphere<br \/>\n<a style=\"font-weight: bold;\" href=\"http:\/\/www.google.fr\/search?q=%22Alexandre+Schneider%22+Prelytis&#038;start=0&amp;amp;amp;ie=utf-8&#038;oe=utf-8&amp;client=firefox-a&#038;rls=org.mozilla:fr:official\">Alexandre Schneider<\/a>, PDG de Prelytis<br \/>\n<a style=\"font-weight: bold;\" href=\"http:\/\/www.google.fr\/search?q=%22Mathieu+Isaia%22&#038;start=0&amp;amp;amp;ie=utf-8&#038;oe=utf-8&amp;client=firefox-a&#038;rls=org.mozilla:fr:official\">Mathieu Isaia<\/a>, directeur associ\u00e9 de People In Action<br \/>\n<a style=\"font-weight: bold;\" href=\"http:\/\/www.google.fr\/search?q=%22Serge+Papo%22+nomination&#038;start=0&amp;amp;amp;ie=utf-8&#038;oe=utf-8&amp;client=firefox-a&#038;rls=org.mozilla:fr:official\">Serge Papo<\/a>, directeur et co-fondateur de Nomination.fr<br \/>\n<a style=\"font-weight: bold;\" href=\"http:\/\/www.google.fr\/search?q=%22Yann+Jaegle%22&#038;start=0&amp;amp;amp;ie=utf-8&#038;oe=utf-8&amp;client=firefox-a&#038;rls=org.mozilla:fr:official\">Yann Jaegle<\/a>, directeur Aubay Syst\u00e8mes d&rsquo;Information<br \/>\n<a style=\"font-weight: bold;\" href=\"http:\/\/www.google.fr\/search?q=%22Alain+Lefebvre%22&#038;start=0&amp;amp;amp;ie=utf-8&#038;oe=utf-8&amp;client=firefox-a&#038;rls=org.mozilla:fr:official\">Alain Lefebvre<\/a>, directeur de 6nergies.net<br \/>\n<a style=\"font-weight: bold;\" href=\"http:\/\/www.google.fr\/search?q=%22Jean-Christophe+Cimeti%C3%A8re%22+microsoft&#038;start=0&amp;amp;amp;ie=utf-8&#038;oe=utf-8&amp;client=firefox-a&#038;rls=org.mozilla:fr:official\">Jean-Christophe Cimeti\u00e8re<\/a>, chef de produit Plate-forme &amp; .NET chez Microsoft France<\/p>\n<p>Inscriptions sur <a href=\"http:\/\/www.strategieweb20.com\/\">http:\/\/www.strategieweb20.com\/<\/a><\/p>\n","protected":false},"excerpt":{"rendered":"<p>Demain jeudi 22 juin au CNIT, Paris-La D\u00e9fense, aura lieu la journ\u00e9e Strat\u00e9gie Web 2.0 organis\u00e9e par Philippe NIEUWBOURG, animateur de la communaut\u00e9 Strategie Web 2.0. A moins que vous ne soyez rest\u00e9 coup\u00e9 d&rsquo;Internet depuis des mois, vous n&rsquo;avez pas pu manquer cette tendance arriv\u00e9e des Etats-Unis, appel\u00e9e \u00ab Web 2.0 \u00bb. Et m\u00eame &hellip; <\/p>\n<p class=\"link-more\"><a href=\"https:\/\/ru3.com\/luc\/tag\/web-20-web2\/strategie-web-20-conference-sur-les-applications-professionnelles-20.html\" class=\"more-link\">Continuer la lecture <span class=\"screen-reader-text\"> \u00ab\u00a0Strat\u00e9gie Web 2.0, conf\u00e9rence sur les applications professionnelles 2.0\u00a0\u00bb<\/span><\/a><\/p>\n","protected":false},"author":7,"featured_media":0,"comment_status":"open","ping_status":"open","sticky":false,"template":"","format":"standard","meta":{"_jetpack_memberships_contains_paid_content":false,"footnotes":""},"categories":[7,10,30,31,19,13,11,22],"tags":[],"class_list":["post-28","post","type-post","status-publish","format-standard","hentry","category-web-20-web2","category-meeting","category-entreprise","category-applications","category-evenement","category-innovation","category-people","category-prospective","entry"],"jetpack_featured_media_url":"","jetpack_sharing_enabled":true,"_links":{"self":[{"href":"https:\/\/ru3.com\/luc\/wp-json\/wp\/v2\/posts\/28","targetHints":{"allow":["GET"]}}],"collection":[{"href":"https:\/\/ru3.com\/luc\/wp-json\/wp\/v2\/posts"}],"about":[{"href":"https:\/\/ru3.com\/luc\/wp-json\/wp\/v2\/types\/post"}],"author":[{"embeddable":true,"href":"https:\/\/ru3.com\/luc\/wp-json\/wp\/v2\/users\/7"}],"replies":[{"embeddable":true,"href":"https:\/\/ru3.com\/luc\/wp-json\/wp\/v2\/comments?post=28"}],"version-history":[{"count":0,"href":"https:\/\/ru3.com\/luc\/wp-json\/wp\/v2\/posts\/28\/revisions"}],"wp:attachment":[{"href":"https:\/\/ru3.com\/luc\/wp-json\/wp\/v2\/media?parent=28"}],"wp:term":[{"taxonomy":"category","embeddable":true,"href":"https:\/\/ru3.com\/luc\/wp-json\/wp\/v2\/categories?post=28"},{"taxonomy":"post_tag","embeddable":true,"href":"https:\/\/ru3.com\/luc\/wp-json\/wp\/v2\/tags?post=28"}],"curies":[{"name":"wp","href":"https:\/\/api.w.org\/{rel}","templated":true}]}}