{"id":48,"date":"2006-09-24T22:22:38","date_gmt":"2006-09-24T20:22:38","guid":{"rendered":"http:\/\/ru3.com\/luc\/tag\/web-20\/parisweb-invite-les-stars-des-standards.html"},"modified":"2006-10-23T23:00:04","modified_gmt":"2006-10-23T21:00:04","slug":"parisweb-invite-les-stars-des-standards","status":"publish","type":"post","link":"https:\/\/ru3.com\/luc\/tag\/web-20-web2\/parisweb-invite-les-stars-des-standards.html","title":{"rendered":"ParisWeb invite les stars des standards"},"content":{"rendered":"<div style=\"margin-bottom: 25px; margin-top: 25px;\">\n<div style=\"width: 320px; text-align: left;\"><!-- #i5ru05mlzfumffimm5rt01qvn3mp0q0vk1qo9yuab{width:320px;height:256px;border:none;margin:0px;} --><iframe loading=\"lazy\" src=\"http:\/\/www.dailymotion.com\/blog\/video\/721953?key=5ru05mlzfumffimm5rt01qvn3mp0q0vk1qo9yuab\" style=\"border: medium none ; margin: 0px; width: 320px; height: 256px;\" marginwidth=\"0\" marginheight=\"0\" id=\"i5ru05mlzfumffimm5rt01qvn3mp0q0vk1qo9yuab\" frameborder=\"0\" height=\"256\" scrolling=\"no\" width=\"320\">Dailymotion blogged video<\/iframe><br \/>\n<span style=\"margin-top: 0px;\"><a href=\"http:\/\/newsme.org\/parisweb2006\/21-09-06\/PARISWEB-2006-REMIX.mov\">Version QuickTime<\/a> (meilleure qualit\u00e9 &#8211; 15.5 Mo &#8211; 03&rsquo;16)<br \/>\n<\/span><\/div>\n<\/div>\n<p><span style=\"font-weight: bold;\">Les organisateurs de <a href=\"http:\/\/www.parisweb2006.org\/\">ParisWeb 2006<\/a>, r\u00e9unis derri\u00e8re <a href=\"http:\/\/www.nota-bene.org\/_Stephane_?lang=fr\">St\u00e9phane Deschamps<\/a>, ont r\u00e9ussi leur pari  !<\/span><\/p>\n<p>Celui d&rsquo;organiser une conf\u00e9rence francophone sur le design, la qualit\u00e9 et l&rsquo;accessibilit\u00e9 du web, capable de rivaliser avec les manifestations anglophones de port\u00e9e internationale.<br \/>\nEt de r\u00e9unir, pour cette premi\u00e8re \u00e9dition, les <span style=\"font-style: italic;\">stars<\/span> de ces sp\u00e9cialit\u00e9s regroup\u00e9es sous le nom des standards du web.<\/p>\n<p><a href=\"http:\/\/standblog.org\/\">Tristan Nitot<\/a>, <a href=\"http:\/\/www.temesis.com\/equipe\/laurent\/\">Laurent Denis<\/a>, <a href=\"http:\/\/www-306.ibm.com\/able\/europe\/fr\/equipe.html\">Jean-Louis Carv\u00e8s<\/a>, <a href=\"http:\/\/www.agencecosmic.com\/agence\/\">Laurent Gloaguen<\/a>, <a href=\"http:\/\/www.temesis.com\/equipe\/elie\/\">Elie Slo\u00efm<\/a>, <a href=\"http:\/\/openweb.eu.org\/openwebgroup\/bios\/pascale_lambert\/\">Pascale Lambert-Charreteur<\/a>, <a href=\"http:\/\/unadorned.org\/\">Stephanie Troeth<\/a>, <a href=\"http:\/\/www.parisweb2006.org\/orateurs.php#denisc\">Denis Ch\u00eane<\/a>, <a href=\"http:\/\/www.creactif.net\/\">R\u00e9my Birambeau<\/a>, <a href=\"http:\/\/www.glazman.org\/weblog\/\">Daniel Glazman<\/a>, <a href=\"http:\/\/www.padawan.info\/fr\/\">Fran\u00e7ois Nonnenmacher<\/a>, <a href=\"http:\/\/www.denisboudreau.org\/\">Denis Boudreau<\/a>, <a href=\"http:\/\/www.w3.org\/People\/karl\/\">Karl Dubost<\/a>, <a href=\"http:\/\/www.alsacreations.com\/\">Rapha\u00ebl Goetter<\/a>, et <a href=\"http:\/\/openweb.eu.org\/openwebgroup\/bios\/samuel_latchman\/\">Samuel Latchman<\/a> ont \u00e9t\u00e9 pendant deux jours les stars des standards \u00e0 Paris.<\/p>\n<p>On pourra trouver ci-dessous les meilleurs extraits vid\u00e9o de chacune des pr\u00e9sentations publi\u00e9es dans ce blog :<\/p>\n<p><span style=\"font-weight: bold;\">Jeudi 21 septembre 2006 :<\/span><\/p>\n<ul>\n<li><a href=\"http:\/\/ru3.com\/luc\/2006\/09\/stphane-deschamps-ouverture-de.html\">St\u00e9phane Deschamps : ouverture de ParisWeb 2006<\/a> (01:46)\n<\/li>\n<li><a href=\"http:\/\/ru3.com\/luc\/2006\/09\/tristan-nitot-tat-des-lieux-des.html\">Tristan Nitot : Etat des lieux des standards Web<\/a> (04:37) <a href=\"http:\/\/www.dailymotion.com\/lucos\/video\/xfh63_pariswebtristannitot\"><\/a><\/li>\n<li><a href=\"http:\/\/ru3.com\/luc\/2006\/09\/laurent-denis-laccessibilit-selon-le.html\">Laurent Denis : L&rsquo;accessibilit\u00e9 selon le W3C<\/a> (04:32) &#8211;<a href=\"http:\/\/www.dailymotion.com\/lucos\/video\/xfhtt_parisweblaurentdenis\"><\/a><\/li>\n<li><a href=\"http:\/\/ru3.com\/luc\/2006\/09\/jean-louis-carvs-passer-aux-standards.html\">Jean-Louis Carv\u00e8s : Passer aux standards dans une grande entreprise<\/a> (04:15) <a href=\"http:\/\/www.dailymotion.com\/lucos\/video\/xfpyt_pariswebjeanlouiscarves\"><\/a><\/li>\n<li><a href=\"http:\/\/ru3.com\/luc\/2006\/09\/laurent-gloaguen-vendre-les-standards.html\">Laurent Gloaguen : Vendre les standards<\/a> (03:38) <a href=\"http:\/\/www.dailymotion.com\/lucos\/video\/xfgbl_parisweb-2006-laurent-gloaguen\"><\/a><\/li>\n<li><a href=\"http:\/\/ru3.com\/luc\/2006\/09\/elie-slom-grer-la-qualit-web.html\">Elie Slo\u00efm : G\u00e9rer la qualit\u00e9 Web<\/a> (09:21) <a href=\"http:\/\/www.dailymotion.com\/lucos\/video\/xfh7a_pariswebeliesloim\"><\/a><\/li>\n<li><a href=\"http:\/\/ru3.com\/luc\/2006\/09\/pascale-lambert-charreteur-1-2-3-css.html\">Pascale Lambert-Charreteur : 1, 2, 3, CSS !<\/a> (01:56) <a href=\"http:\/\/www.dailymotion.com\/lucos\/video\/xfq4r_pariswebpascalelambert\"><\/a><\/li>\n<li><a href=\"http:\/\/ru3.com\/luc\/2006\/09\/table-ronde-quelle-place-pour-les.html\">Table ronde : Quelle place pour les standards dans l&rsquo;entreprise ?<\/a> (06:26) <a href=\"http:\/\/www.dailymotion.com\/lucos\/video\/xfhe3_pariswebtableronde\"><\/a><\/li>\n<li><a href=\"http:\/\/ru3.com\/luc\/tag\/people\/un-aperitif-bien-frequente.html\">Un ap\u00e9ritif bien fr\u00e9quent\u00e9 !<\/a> (01:51)<\/li>\n<\/ul>\n<p><span style=\"font-weight: bold;\">Vendredi 22 septembre 2006 :<br \/>\n<\/span><\/p>\n<ul>\n<li><a href=\"http:\/\/ru3.com\/luc\/2006\/09\/daniel-glazman-les-standards-html-et.html\">Daniel Glazman : Les standards <abbr>HTML<\/abbr> et <\/a><abbr><a href=\"http:\/\/ru3.com\/luc\/2006\/09\/daniel-glazman-les-standards-html-et.html\">CSS&#8230;<\/a> (09:04)<\/abbr><\/li>\n<li><a href=\"http:\/\/ru3.com\/luc\/2006\/09\/franois-nonnenmacher-histoire-dun.html\">Fran\u00e7ois Nonnenmacher : Histoire d&rsquo;un redesign chez Capgemini<\/a> (05:36)\n<\/li>\n<li><a href=\"http:\/\/ru3.com\/luc\/2006\/09\/karl-dubost-enrichissons-nos-relations.html\">Karl Dubost : Enrichissons nos relations<\/a> (07:20)<\/li>\n<li>(&#8230; suite \u00e0 venir)\n<\/li>\n<\/ul>\n<p><span style=\"font-weight: bold;\"><\/span>Ils en parlent aussi (via Elie Slo\u00efm)<\/p>\n<ul>\n<li><a href=\"http:\/\/blog.temesis.com\/2006\/09\/25\/184-paris-web-2006-carton-plein\">Elie Slo\u00efm<\/a><\/li>\n<li><a href=\"http:\/\/blog.alsacreations.com\/2006\/09\/24\/283-paris-web-2006-ou-comment-rassembler-tout-le-gratin-web\">Rapha\u00ebl Goetter<\/a><\/li>\n<li><a href=\"http:\/\/standblog.org\/blog\/2006\/09\/24\/93114906-paris-web-2006-succes-sur-toute-la-ligne\">Tristan Nitot<\/a><\/li>\n<li><a href=\"http:\/\/embruns.net\/standards-du-web\/paris_web_2006_a_chaud.html\">Laurent Gloaguen<\/a><\/li>\n<li><a href=\"http:\/\/padawan.info\/fr\/web\/capgeminicom_histoire_dun_redesign.html\">Fran\u00e7ois Nonnenmacher<\/a><\/li>\n<li><a href=\"http:\/\/durcommefaire.net\/2006\/09\/23\/603-compte-rendu-de-paris-web-2006\">Jean-Marc Fontaine<\/a><\/li>\n<li><a href=\"http:\/\/www.glazman.org\/weblog\/dotclear\/index.php?2006\/09\/24\/2094-parisweb-2006-mon-opinion\">Daniel Glazman<\/a><\/li>\n<li><a href=\"http:\/\/blog.webatou.be\/?2006\/09\/23\/paris-web-2006-essai-transforme\">Monique Brunel<\/a><\/li>\n<li><a href=\"http:\/\/www.neo-ma.com\/blog\/index.php?2006\/09\/22\/159-paris-web-2006-2e-journee\">Christophe Clouzeau<\/a><\/li>\n<li><a href=\"http:\/\/blog.empyree.org\/?2851-paris-web-2006-deux-jours-de-folie\">David Latapie<\/a><\/li>\n<li><a href=\"http:\/\/www.vinch.be\/blog\/?2006\/09\/23\/128-paris-web-2006-mes-reactions\">Vincent Battaglia<\/a><\/li>\n<li><a href=\"http:\/\/franck.paul.free.fr\/dotclear\/?2006\/09\/22\/672-paris-web-2006-a-chaud\">Frank Paul<\/a><\/li>\n<li><a href=\"http:\/\/www.fairytells.net\/index.php\/2006\/09\/23\/42-parisweb-2006-j-y-etais-et-vous\">Aur\u00e9lien L\u00e9vy<\/a><\/li>\n<li><a href=\"http:\/\/www.groupereflect.net\/blog\/archives\/2006\/09\/paris_web_2006_1.html\">Jean-Luc Grellier<\/a><\/li>\n<li><a href=\"http:\/\/www.sutekidane.net\/blog\/paris-web-2006-et-apres.html\"> Thanh<\/a><\/li>\n<\/ul>\n<p><small><span style=\"font-weight: bold;\">Plus d&rsquo;infos : <\/span><a style=\"font-weight: bold;\" href=\"http:\/\/www.parisweb2006.org\/\">Paris-Web.fr<\/a><\/small><\/p>\n","protected":false},"excerpt":{"rendered":"<p>Dailymotion blogged video Version QuickTime (meilleure qualit\u00e9 &#8211; 15.5 Mo &#8211; 03&rsquo;16) Les organisateurs de ParisWeb 2006, r\u00e9unis derri\u00e8re St\u00e9phane Deschamps, ont r\u00e9ussi leur pari ! Celui d&rsquo;organiser une conf\u00e9rence francophone sur le design, la qualit\u00e9 et l&rsquo;accessibilit\u00e9 du web, capable de rivaliser avec les manifestations anglophones de port\u00e9e internationale. Et de r\u00e9unir, pour cette &hellip; <\/p>\n<p class=\"link-more\"><a href=\"https:\/\/ru3.com\/luc\/tag\/web-20-web2\/parisweb-invite-les-stars-des-standards.html\" class=\"more-link\">Continuer la lecture <span class=\"screen-reader-text\"> \u00ab\u00a0ParisWeb invite les stars des standards\u00a0\u00bb<\/span><\/a><\/p>\n","protected":false},"author":7,"featured_media":0,"comment_status":"open","ping_status":"open","sticky":false,"template":"","format":"standard","meta":{"_jetpack_memberships_contains_paid_content":false,"footnotes":""},"categories":[7,10,27,35,36,37,38,39,50,19,11],"tags":[],"class_list":["post-48","post","type-post","status-publish","format-standard","hentry","category-web-20-web2","category-meeting","category-blogosphere","category-accessibilite","category-usability","category-css","category-standards","category-design","category-parisweb-2006","category-evenement","category-people","entry"],"jetpack_featured_media_url":"","jetpack_sharing_enabled":true,"_links":{"self":[{"href":"https:\/\/ru3.com\/luc\/wp-json\/wp\/v2\/posts\/48","targetHints":{"allow":["GET"]}}],"collection":[{"href":"https:\/\/ru3.com\/luc\/wp-json\/wp\/v2\/posts"}],"about":[{"href":"https:\/\/ru3.com\/luc\/wp-json\/wp\/v2\/types\/post"}],"author":[{"embeddable":true,"href":"https:\/\/ru3.com\/luc\/wp-json\/wp\/v2\/users\/7"}],"replies":[{"embeddable":true,"href":"https:\/\/ru3.com\/luc\/wp-json\/wp\/v2\/comments?post=48"}],"version-history":[{"count":0,"href":"https:\/\/ru3.com\/luc\/wp-json\/wp\/v2\/posts\/48\/revisions"}],"wp:attachment":[{"href":"https:\/\/ru3.com\/luc\/wp-json\/wp\/v2\/media?parent=48"}],"wp:term":[{"taxonomy":"category","embeddable":true,"href":"https:\/\/ru3.com\/luc\/wp-json\/wp\/v2\/categories?post=48"},{"taxonomy":"post_tag","embeddable":true,"href":"https:\/\/ru3.com\/luc\/wp-json\/wp\/v2\/tags?post=48"}],"curies":[{"name":"wp","href":"https:\/\/api.w.org\/{rel}","templated":true}]}}